{"id":226,"date":"2023-09-02T10:53:20","date_gmt":"2023-09-02T13:53:20","guid":{"rendered":"http:\/\/tecnolegal.com.br\/cgadv\/?p=226"},"modified":"2023-09-02T10:53:20","modified_gmt":"2023-09-02T13:53:20","slug":"no-stf-nunes-marques-libera-julgamento-sobre-correcao-do-fgts","status":"publish","type":"post","link":"https:\/\/tecnolegal.com.br\/cgadv\/?p=226","title":{"rendered":"No STF, Nunes Marques libera julgamento sobre corre\u00e7\u00e3o do FGTS"},"content":{"rendered":"\n<figure class=\"wp-block-image\"><img decoding=\"async\" src=\"https:\/\/www.rbsdirect.com.br\/imagesrc\/17911339.jpg?w=45&amp;h=45\" alt=\"Estad\u00e3o Conte\u00fado\"\/><\/figure>\n\n\n\n<p>Mat\u00e9ria publicada no ESTAD\u00c3O CONTE\u00daDO por \u00a0Lav\u00ednia Kaucz<\/p>\n\n\n\n<ul><\/ul>\n\n\n\n<p>O ministro Kassio Nunes Marques, do Supremo Tribunal Federal (STF), liberou para julgamento o processo que discute a corre\u00e7\u00e3o monet\u00e1ria do Fundo de Garantia do Tempo de Servi\u00e7o (FGTS). Ele havia pedido vista em abril. At\u00e9 a an\u00e1lise ser suspensa, o placar estava em 2 a 0 para que a corre\u00e7\u00e3o dos valores do fundo seja no m\u00ednimo igual \u00e0 da caderneta da poupan\u00e7a. Ainda n\u00e3o h\u00e1 data para o julgamento ser retomado.<\/p>\n\n\n\n<p>Atualmente, o FGTS \u00e9 corrigido pela Taxa Referencial (TR) +3%. O Solidariedade, que prop\u00f4s a a\u00e7\u00e3o, argumenta que desde 1999 esse \u00edndice n\u00e3o \u00e9 suficiente para repor o poder aquisitivo dos trabalhadores.<\/p>\n\n\n\n<p>Por isso, a legenda pede que a TR seja substitu\u00edda por um \u00edndice ligado \u00e0 infla\u00e7\u00e3o, como o \u00cdndice Nacional de Pre\u00e7os ao Consumidor Amplo (IPCA).<\/p>\n\n\n\n<p>O relator, Lu\u00eds Roberto Barroso, acolheu parcialmente o pedido. Para o ministro, n\u00e3o h\u00e1 inconstitucionalidade no uso da TR, nem previs\u00e3o constitucional para que os valores do FGTS sejam indexados \u00e0 infla\u00e7\u00e3o.<\/p>\n\n\n\n<p>Mas, como o FGTS se assemelha a uma poupan\u00e7a compuls\u00f3ria, ele entende que a corre\u00e7\u00e3o n\u00e3o deve ficar abaixo dos juros da poupan\u00e7a. Ele foi seguido por Andr\u00e9 Mendon\u00e7a.<\/p>\n\n\n\n<p>O ministro defendeu, ainda, que a decis\u00e3o n\u00e3o pode retroagir &#8211; ou seja, s\u00f3 deve valer a partir da publica\u00e7\u00e3o da data do julgamento.<\/p>\n\n\n\n<p>A proposta contraria segurados do fundo, que esperavam obter a corre\u00e7\u00e3o retroativa. Mas agrada ao governo, que alega um impacto de R$ 295 bilh\u00f5es aos cofres p\u00fablicos se o Supremo determinar o pagamento dos valores atualizados at\u00e9 1999.<\/p>\n","protected":false},"excerpt":{"rendered":"<p>Mat\u00e9ria publicada no ESTAD\u00c3O CONTE\u00daDO por \u00a0Lav\u00ednia Kaucz O ministro Kassio Nunes Marques, do Supremo Tribunal Federal (STF), liberou para julgamento o processo que discute a corre\u00e7\u00e3o monet\u00e1ria do Fundo de Garantia do Tempo de Servi\u00e7o (FGTS). Ele havia pedido vista em abril. At\u00e9 a an\u00e1lise ser suspensa, o placar estava em 2 a 0 [&hellip;]<\/p>\n","protected":false},"author":1,"featured_media":227,"comment_status":"open","ping_status":"open","sticky":false,"template":"","format":"standard","meta":[],"categories":[10],"tags":[16,17],"blocksy_meta":[],"_links":{"self":[{"href":"https:\/\/tecnolegal.com.br\/cgadv\/index.php?rest_route=\/wp\/v2\/posts\/226"}],"collection":[{"href":"https:\/\/tecnolegal.com.br\/cgadv\/index.php?rest_route=\/wp\/v2\/posts"}],"about":[{"href":"https:\/\/tecnolegal.com.br\/cgadv\/index.php?rest_route=\/wp\/v2\/types\/post"}],"author":[{"embeddable":true,"href":"https:\/\/tecnolegal.com.br\/cgadv\/index.php?rest_route=\/wp\/v2\/users\/1"}],"replies":[{"embeddable":true,"href":"https:\/\/tecnolegal.com.br\/cgadv\/index.php?rest_route=%2Fwp%2Fv2%2Fcomments&post=226"}],"version-history":[{"count":1,"href":"https:\/\/tecnolegal.com.br\/cgadv\/index.php?rest_route=\/wp\/v2\/posts\/226\/revisions"}],"predecessor-version":[{"id":228,"href":"https:\/\/tecnolegal.com.br\/cgadv\/index.php?rest_route=\/wp\/v2\/posts\/226\/revisions\/228"}],"wp:featuredmedia":[{"embeddable":true,"href":"https:\/\/tecnolegal.com.br\/cgadv\/index.php?rest_route=\/wp\/v2\/media\/227"}],"wp:attachment":[{"href":"https:\/\/tecnolegal.com.br\/cgadv\/index.php?rest_route=%2Fwp%2Fv2%2Fmedia&parent=226"}],"wp:term":[{"taxonomy":"category","embeddable":true,"href":"https:\/\/tecnolegal.com.br\/cgadv\/index.php?rest_route=%2Fwp%2Fv2%2Fcategories&post=226"},{"taxonomy":"post_tag","embeddable":true,"href":"https:\/\/tecnolegal.com.br\/cgadv\/index.php?rest_route=%2Fwp%2Fv2%2Ftags&post=226"}],"curies":[{"name":"wp","href":"https:\/\/api.w.org\/{rel}","templated":true}]}}